{"id":2262,"date":"2021-09-16T16:01:32","date_gmt":"2021-09-16T14:01:32","guid":{"rendered":"https:\/\/www.lauterbacher-musikschule.de\/?p=2262"},"modified":"2021-09-16T16:02:43","modified_gmt":"2021-09-16T14:02:43","slug":"kulturspinnerei-gestartet","status":"publish","type":"post","link":"https:\/\/www.lauterbacher-musikschule.de\/?p=2262","title":{"rendered":"KulturSpinnerei gestartet"},"content":{"rendered":"\n<p>Am Sonntag fand das erste Kulturcaf\u00e9 in der Lauterbacher Musikschule statt, die sich damit auf den Weg macht, sich zur KulturSpinnerei zu transformieren. Ein Tag der offenen T\u00fcr aus Anlass des 10-j\u00e4hrigen Jubil\u00e4ums und der Tag des offenen Denkmals boten den Rahmen f\u00fcr das 1. Kulturcaf\u00e9. Zahlreiche G\u00e4ste kamen \u00fcber den Tag verteilt in die Musikschule, darunter auch Lauterbachs B\u00fcrgermeister Rainer-Hans Vollm\u00f6ller. Beim Kulturcaf\u00e9 sprachen J\u00fcrgen Peter vom Kulturamt Fulda, Jan Buck von der raumstation3539 in Gie\u00dfen, Heinz Kiefer von der Galerie Spinnenfreundlich in Lauterbach und Martin Krauss vom Kulturverein Lauterbach \u00fcber Corona und Kultur. Das Trio Fleur de Lys steuerte musikalische Impulse bei.<\/p>\n","protected":false},"excerpt":{"rendered":"<p>Am Sonntag fand das erste Kulturcaf\u00e9 in der Lauterbacher Musikschule statt, die sich damit auf den Weg macht, sich zur KulturSpinnerei zu transformieren. Ein Tag der offenen T\u00fcr aus Anlass des 10-j\u00e4hrigen Jubil\u00e4ums und der Tag des offenen Denkmals boten &hellip; <a href=\"https:\/\/www.lauterbacher-musikschule.de\/?p=2262\">Weiter<\/a><\/p>\n","protected":false},"author":1,"featured_media":2264,"comment_status":"closed","ping_status":"open","sticky":false,"template":"","format":"standard","meta":{"kt_blocks_editor_width":"","footnotes":""},"categories":[135],"tags":[139,141,136],"class_list":["post-2262","post","type-post","status-publish","format-standard","has-post-thumbnail","hentry","category-kulturspinnerei","tag-10jahre-musikschule","tag-kulturcafe-2","tag-kulturspinnerei"],"_links":{"self":[{"href":"https:\/\/www.lauterbacher-musikschule.de\/index.php?rest_route=\/wp\/v2\/posts\/2262","targetHints":{"allow":["GET"]}}],"collection":[{"href":"https:\/\/www.lauterbacher-musikschule.de\/index.php?rest_route=\/wp\/v2\/posts"}],"about":[{"href":"https:\/\/www.lauterbacher-musikschule.de\/index.php?rest_route=\/wp\/v2\/types\/post"}],"author":[{"embeddable":true,"href":"https:\/\/www.lauterbacher-musikschule.de\/index.php?rest_route=\/wp\/v2\/users\/1"}],"replies":[{"embeddable":true,"href":"https:\/\/www.lauterbacher-musikschule.de\/index.php?rest_route=%2Fwp%2Fv2%2Fcomments&post=2262"}],"version-history":[{"count":1,"href":"https:\/\/www.lauterbacher-musikschule.de\/index.php?rest_route=\/wp\/v2\/posts\/2262\/revisions"}],"predecessor-version":[{"id":2263,"href":"https:\/\/www.lauterbacher-musikschule.de\/index.php?rest_route=\/wp\/v2\/posts\/2262\/revisions\/2263"}],"wp:featuredmedia":[{"embeddable":true,"href":"https:\/\/www.lauterbacher-musikschule.de\/index.php?rest_route=\/wp\/v2\/media\/2264"}],"wp:attachment":[{"href":"https:\/\/www.lauterbacher-musikschule.de\/index.php?rest_route=%2Fwp%2Fv2%2Fmedia&parent=2262"}],"wp:term":[{"taxonomy":"category","embeddable":true,"href":"https:\/\/www.lauterbacher-musikschule.de\/index.php?rest_route=%2Fwp%2Fv2%2Fcategories&post=2262"},{"taxonomy":"post_tag","embeddable":true,"href":"https:\/\/www.lauterbacher-musikschule.de\/index.php?rest_route=%2Fwp%2Fv2%2Ftags&post=2262"}],"curies":[{"name":"wp","href":"https:\/\/api.w.org\/{rel}","templated":true}]}}