{"id":2335,"date":"2022-07-01T12:20:12","date_gmt":"2022-07-01T10:20:12","guid":{"rendered":"https:\/\/www.lauterbacher-musikschule.de\/?p=2335"},"modified":"2022-07-01T12:20:13","modified_gmt":"2022-07-01T10:20:13","slug":"come-together%ef%bf%bc","status":"publish","type":"post","link":"https:\/\/www.lauterbacher-musikschule.de\/?p=2335","title":{"rendered":"Come Together\ufffc"},"content":{"rendered":"\n<p>ein B\u00fchnenst\u00fcck mit Musik<br>Regie\/Choreographie\/Musikalische Leitung\/Einstudierung:<br>Christine Eisler, Hannah Eisler, Carolin Henningsen,<br>Sven Kie\u00dfling, Klaus Scheuer, Ebby Stracke<\/p>\n\n\n\n<p>Auff\u00fchrung am 09.07.2022 um 17:00<br>im Burghof Lauterbach<br>(bei schlechtem Wetter in der Adolf Spie\u00df Halle)<\/p>\n\n\n\n<p>Auff\u00fchrung am 09.07.2022 um 17:00<br>im Burghof Lauterbach<br>(bei schlechtem Wetter in der Adolf Spie\u00df Halle)<\/p>\n","protected":false},"excerpt":{"rendered":"<p>ein B\u00fchnenst\u00fcck mit MusikRegie\/Choreographie\/Musikalische Leitung\/Einstudierung:Christine Eisler, Hannah Eisler, Carolin Henningsen,Sven Kie\u00dfling, Klaus Scheuer, Ebby Stracke Auff\u00fchrung am 09.07.2022 um 17:00im Burghof Lauterbach(bei schlechtem Wetter in der Adolf Spie\u00df Halle) Auff\u00fchrung am 09.07.2022 um 17:00im Burghof Lauterbach(bei schlechtem Wetter in der &hellip; <a href=\"https:\/\/www.lauterbacher-musikschule.de\/?p=2335\">Weiter<\/a><\/p>\n","protected":false},"author":1,"featured_media":2302,"comment_status":"closed","ping_status":"open","sticky":false,"template":"","format":"standard","meta":{"kt_blocks_editor_width":"","footnotes":""},"categories":[46],"tags":[10,155],"class_list":["post-2335","post","type-post","status-publish","format-standard","has-post-thumbnail","hentry","category-projekte","tag-bigband","tag-musical"],"_links":{"self":[{"href":"https:\/\/www.lauterbacher-musikschule.de\/index.php?rest_route=\/wp\/v2\/posts\/2335","targetHints":{"allow":["GET"]}}],"collection":[{"href":"https:\/\/www.lauterbacher-musikschule.de\/index.php?rest_route=\/wp\/v2\/posts"}],"about":[{"href":"https:\/\/www.lauterbacher-musikschule.de\/index.php?rest_route=\/wp\/v2\/types\/post"}],"author":[{"embeddable":true,"href":"https:\/\/www.lauterbacher-musikschule.de\/index.php?rest_route=\/wp\/v2\/users\/1"}],"replies":[{"embeddable":true,"href":"https:\/\/www.lauterbacher-musikschule.de\/index.php?rest_route=%2Fwp%2Fv2%2Fcomments&post=2335"}],"version-history":[{"count":1,"href":"https:\/\/www.lauterbacher-musikschule.de\/index.php?rest_route=\/wp\/v2\/posts\/2335\/revisions"}],"predecessor-version":[{"id":2336,"href":"https:\/\/www.lauterbacher-musikschule.de\/index.php?rest_route=\/wp\/v2\/posts\/2335\/revisions\/2336"}],"wp:featuredmedia":[{"embeddable":true,"href":"https:\/\/www.lauterbacher-musikschule.de\/index.php?rest_route=\/wp\/v2\/media\/2302"}],"wp:attachment":[{"href":"https:\/\/www.lauterbacher-musikschule.de\/index.php?rest_route=%2Fwp%2Fv2%2Fmedia&parent=2335"}],"wp:term":[{"taxonomy":"category","embeddable":true,"href":"https:\/\/www.lauterbacher-musikschule.de\/index.php?rest_route=%2Fwp%2Fv2%2Fcategories&post=2335"},{"taxonomy":"post_tag","embeddable":true,"href":"https:\/\/www.lauterbacher-musikschule.de\/index.php?rest_route=%2Fwp%2Fv2%2Ftags&post=2335"}],"curies":[{"name":"wp","href":"https:\/\/api.w.org\/{rel}","templated":true}]}}