{"id":816,"date":"2018-01-30T11:10:16","date_gmt":"2018-01-30T10:10:16","guid":{"rendered":"http:\/\/www.lauterbacher-musikschule.de\/?p=816"},"modified":"2018-01-30T11:27:26","modified_gmt":"2018-01-30T10:27:26","slug":"der-kulturkoffer-bringt-kunst-aufs-land","status":"publish","type":"post","link":"https:\/\/www.lauterbacher-musikschule.de\/?p=816","title":{"rendered":"Der Kulturkoffer bringt Kunst aufs Land!"},"content":{"rendered":"<p>Das neue Kulturkoffer-Video ist da. Auch HeimatMusik ist dabei.\u00a0Das neue Kulturkoffer-Video bietet in drei Minuten einen unterhaltsamen \u00dcberblick \u00fcber die Vielfalt der hessenweit gef\u00f6rderten Projekte der ersten beiden F\u00f6rderjahre des Modellprojekts Kulturkoffer.<br \/>\nVerantwortlich f\u00fcr die Erstellung des Videos in Bild und Schnitt zeigte sich die Filmemacherin Pola Sell. Das musikalische Arrangement verantwortete Pramila Chenchanna.<br \/>\nDas Video feierte am 25. Januar 2018 im Rahmen der Kulturkoffer-Revue im Museum Wiesbaden in Anwesenheit von Kunst- und Kulturminister Boris Rhein Premiere.<\/p>\n","protected":false},"excerpt":{"rendered":"<p>Das neue Kulturkoffer-Video ist da. Auch HeimatMusik ist dabei.\u00a0Das neue Kulturkoffer-Video bietet in drei Minuten einen unterhaltsamen \u00dcberblick \u00fcber die Vielfalt der hessenweit gef\u00f6rderten Projekte der ersten beiden F\u00f6rderjahre des Modellprojekts Kulturkoffer. Verantwortlich f\u00fcr die Erstellung des Videos in Bild &hellip; <a href=\"https:\/\/www.lauterbacher-musikschule.de\/?p=816\">Weiter<\/a><\/p>\n","protected":false},"author":1,"featured_media":0,"comment_status":"closed","ping_status":"open","sticky":false,"template":"","format":"standard","meta":{"kt_blocks_editor_width":"","footnotes":""},"categories":[1],"tags":[42],"class_list":["post-816","post","type-post","status-publish","format-standard","hentry","category-allgemein","tag-kulturkoffer"],"_links":{"self":[{"href":"https:\/\/www.lauterbacher-musikschule.de\/index.php?rest_route=\/wp\/v2\/posts\/816","targetHints":{"allow":["GET"]}}],"collection":[{"href":"https:\/\/www.lauterbacher-musikschule.de\/index.php?rest_route=\/wp\/v2\/posts"}],"about":[{"href":"https:\/\/www.lauterbacher-musikschule.de\/index.php?rest_route=\/wp\/v2\/types\/post"}],"author":[{"embeddable":true,"href":"https:\/\/www.lauterbacher-musikschule.de\/index.php?rest_route=\/wp\/v2\/users\/1"}],"replies":[{"embeddable":true,"href":"https:\/\/www.lauterbacher-musikschule.de\/index.php?rest_route=%2Fwp%2Fv2%2Fcomments&post=816"}],"version-history":[{"count":3,"href":"https:\/\/www.lauterbacher-musikschule.de\/index.php?rest_route=\/wp\/v2\/posts\/816\/revisions"}],"predecessor-version":[{"id":819,"href":"https:\/\/www.lauterbacher-musikschule.de\/index.php?rest_route=\/wp\/v2\/posts\/816\/revisions\/819"}],"wp:attachment":[{"href":"https:\/\/www.lauterbacher-musikschule.de\/index.php?rest_route=%2Fwp%2Fv2%2Fmedia&parent=816"}],"wp:term":[{"taxonomy":"category","embeddable":true,"href":"https:\/\/www.lauterbacher-musikschule.de\/index.php?rest_route=%2Fwp%2Fv2%2Fcategories&post=816"},{"taxonomy":"post_tag","embeddable":true,"href":"https:\/\/www.lauterbacher-musikschule.de\/index.php?rest_route=%2Fwp%2Fv2%2Ftags&post=816"}],"curies":[{"name":"wp","href":"https:\/\/api.w.org\/{rel}","templated":true}]}}